{"id":290,"date":"2021-10-22T12:00:14","date_gmt":"2021-10-22T15:00:14","guid":{"rendered":"http:\/\/jardinbotanico.unlu.edu.ar\/?p=290"},"modified":"2021-10-22T12:00:32","modified_gmt":"2021-10-22T15:00:32","slug":"extension-promocion-del-uso-y-cultivo-de-plantas-nativas","status":"publish","type":"post","link":"https:\/\/jardinbotanico.unlu.edu.ar\/index.php\/2021\/10\/22\/extension-promocion-del-uso-y-cultivo-de-plantas-nativas\/","title":{"rendered":"Extensi\u00f3n: promoci\u00f3n del uso y cultivo de plantas nativas"},"content":{"rendered":"<p><img loading=\"lazy\" class=\"alignleft wp-image-291 size-medium\" src=\"https:\/\/jardinbotanico.unlu.edu.ar\/wp-content\/uploads\/2021\/10\/Screen-Shot-2021-09-14-at-10.45.17-300x240.png\" alt=\"screen-shot-2021-09-14-at-10-45-17\" width=\"300\" height=\"240\" srcset=\"https:\/\/jardinbotanico.unlu.edu.ar\/wp-content\/uploads\/2021\/10\/Screen-Shot-2021-09-14-at-10.45.17-300x240.png 300w, https:\/\/jardinbotanico.unlu.edu.ar\/wp-content\/uploads\/2021\/10\/Screen-Shot-2021-09-14-at-10.45.17.png 400w\" sizes=\"(max-width: 300px) 100vw, 300px\" \/>Integrantes del Proyecto Jard\u00edn Bot\u00e1nico de la UNLu realizaron nuevas plantaciones de \u00e1rboles nativos, en el marco de una jornada cultural por el \u201cMes de las Infancias y de la Pachamama\u201d.<\/p>\n<p>La actividad fue llevada a cabo\u00a0el \u00faltimo s\u00e1bado de agosto\u00a0junto a ni\u00f1os y ni\u00f1as del Barrio Ameghino de Luj\u00e1n, y consisti\u00f3 en un d\u00eda de juegos, donde adem\u00e1s se plantaron cuatro \u00e1rboles nativos producidos en el vivero del Jard\u00edn Bot\u00e1nico de la UNLu y donados por el proyecto de extensi\u00f3n <em>\u00abPromoci\u00f3n del uso y cultivo de plantas nativas\u00bb<\/em>.<\/p>\n<p>Entre los \u00e1rboles plantados hubo ejemplares de Timb\u00f3, Omb\u00fa, Tarum\u00e1 y Guayabo colorado. <em>\u201cEstos \u00e1rboles enriquecen el arbolado p\u00fablico del barrio\u201d<\/em>, coment\u00f3 el ingeniero Bruno Lus, uno de los docentes responsables del Proyecto de Extensi\u00f3n.<\/p>\n<p>La actividad cont\u00f3 con la participaci\u00f3n de los ni\u00f1os que asisten a la Juegoteca ATR del propio barrio. Durante el proceso de plantado, se explicaron conceptos y saberes de los \u00e1rboles y el cuidado de \u00e9stos.<img loading=\"lazy\" class=\"alignnone size-medium wp-image-292\" src=\"https:\/\/jardinbotanico.unlu.edu.ar\/wp-content\/uploads\/2021\/10\/bruno-lus-arboles-2-225x300.jpeg\" alt=\"bruno-lus-arboles-2\" width=\"225\" height=\"300\" srcset=\"https:\/\/jardinbotanico.unlu.edu.ar\/wp-content\/uploads\/2021\/10\/bruno-lus-arboles-2-225x300.jpeg 225w, https:\/\/jardinbotanico.unlu.edu.ar\/wp-content\/uploads\/2021\/10\/bruno-lus-arboles-2-768x1024.jpeg 768w, https:\/\/jardinbotanico.unlu.edu.ar\/wp-content\/uploads\/2021\/10\/bruno-lus-arboles-2.jpeg 864w\" sizes=\"(max-width: 225px) 100vw, 225px\" \/> <img loading=\"lazy\" class=\"alignnone wp-image-293 size-medium\" title=\"Los integrantes del Proyecto de Jard\u00edn Bot\u00e1nico de la UNLu contin\u00faan con la plantaci\u00f3n de \u00e1rboles nativos en diferentes espacios de la ciudad, con la participaci\u00f3n de miembros de la comunidad\" src=\"https:\/\/jardinbotanico.unlu.edu.ar\/wp-content\/uploads\/2021\/10\/bruno-lus-arboles-300x225.jpeg\" alt=\"bruno-lus-arboles\" width=\"300\" height=\"225\" srcset=\"https:\/\/jardinbotanico.unlu.edu.ar\/wp-content\/uploads\/2021\/10\/bruno-lus-arboles-300x225.jpeg 300w, https:\/\/jardinbotanico.unlu.edu.ar\/wp-content\/uploads\/2021\/10\/bruno-lus-arboles-768x576.jpeg 768w, https:\/\/jardinbotanico.unlu.edu.ar\/wp-content\/uploads\/2021\/10\/bruno-lus-arboles-1024x768.jpeg 1024w, https:\/\/jardinbotanico.unlu.edu.ar\/wp-content\/uploads\/2021\/10\/bruno-lus-arboles.jpeg 1152w\" sizes=\"(max-width: 300px) 100vw, 300px\" \/><\/p>\n<h5><strong>Los integrantes del Proyecto de Jard\u00edn Bot\u00e1nico de la UNLu contin\u00faan con la plantaci\u00f3n de \u00e1rboles nativos en diferentes espacios de la ciudad, con la participaci\u00f3n de miembros de la comunidad<\/strong><\/h5>\n","protected":false},"excerpt":{"rendered":"<p>Integrantes del Proyecto Jard\u00edn Bot\u00e1nico de la UNLu realizaron nuevas plantaciones de \u00e1rboles nativos, en el marco de una jornada cultural por el \u201cMes de las Infancias y de la Pachamama\u201d. La actividad fue llevada a cabo\u00a0el \u00faltimo s\u00e1bado de agosto\u00a0junto a ni\u00f1os y ni\u00f1as del Barrio Ameghino de Luj\u00e1n, y consisti\u00f3 en un d\u00eda [&hellip;]<\/p>\n","protected":false},"author":2,"featured_media":292,"comment_status":"open","ping_status":"open","sticky":false,"template":"","format":"standard","meta":[],"categories":[1],"tags":[],"_links":{"self":[{"href":"https:\/\/jardinbotanico.unlu.edu.ar\/index.php\/wp-json\/wp\/v2\/posts\/290"}],"collection":[{"href":"https:\/\/jardinbotanico.unlu.edu.ar\/index.php\/wp-json\/wp\/v2\/posts"}],"about":[{"href":"https:\/\/jardinbotanico.unlu.edu.ar\/index.php\/wp-json\/wp\/v2\/types\/post"}],"author":[{"embeddable":true,"href":"https:\/\/jardinbotanico.unlu.edu.ar\/index.php\/wp-json\/wp\/v2\/users\/2"}],"replies":[{"embeddable":true,"href":"https:\/\/jardinbotanico.unlu.edu.ar\/index.php\/wp-json\/wp\/v2\/comments?post=290"}],"version-history":[{"count":1,"href":"https:\/\/jardinbotanico.unlu.edu.ar\/index.php\/wp-json\/wp\/v2\/posts\/290\/revisions"}],"predecessor-version":[{"id":294,"href":"https:\/\/jardinbotanico.unlu.edu.ar\/index.php\/wp-json\/wp\/v2\/posts\/290\/revisions\/294"}],"wp:featuredmedia":[{"embeddable":true,"href":"https:\/\/jardinbotanico.unlu.edu.ar\/index.php\/wp-json\/wp\/v2\/media\/292"}],"wp:attachment":[{"href":"https:\/\/jardinbotanico.unlu.edu.ar\/index.php\/wp-json\/wp\/v2\/media?parent=290"}],"wp:term":[{"taxonomy":"category","embeddable":true,"href":"https:\/\/jardinbotanico.unlu.edu.ar\/index.php\/wp-json\/wp\/v2\/categories?post=290"},{"taxonomy":"post_tag","embeddable":true,"href":"https:\/\/jardinbotanico.unlu.edu.ar\/index.php\/wp-json\/wp\/v2\/tags?post=290"}],"curies":[{"name":"wp","href":"https:\/\/api.w.org\/{rel}","templated":true}]}}