{"id":281,"date":"2021-10-22T11:54:11","date_gmt":"2021-10-22T14:54:11","guid":{"rendered":"http:\/\/jardinbotanico.unlu.edu.ar\/?p=281"},"modified":"2021-10-22T11:54:11","modified_gmt":"2021-10-22T14:54:11","slug":"actividades-del-proyecto-sobre-plantas-nativas-y-del-jardin-botanico","status":"publish","type":"post","link":"https:\/\/jardinbotanico.unlu.edu.ar\/index.php\/2021\/10\/22\/actividades-del-proyecto-sobre-plantas-nativas-y-del-jardin-botanico\/","title":{"rendered":"Actividades del Proyecto sobre plantas nativas y del Jard\u00edn Bot\u00e1nico"},"content":{"rendered":"<p>Durante el transcurso de la semana del 15 de agosto<\/p>\n<p>, el equipo del Proyecto de Extensi\u00f3n \u00abPromoci\u00f3n del uso y cultivo de plantas nativas\u00bb y del Jard\u00edn Bot\u00e1nico de la UNLu relizaron actividades con la comunidad.<\/p>\n<p>El martes 17 de agosto brindaron un taller de siembra de \u00e1rboles nativos rioplatenses en tercer a\u00f1o de la escuela primaria San Luis Gonzaga de la localidad de J\u00e1uregui, mientras que el s\u00e1bado 21 se reunieron con vecinos y vecinas del barrio Luchetti de la localidad de Open Door para charlar sobre la importancia de preservar la flora aut\u00f3ctona de cada ecorregi\u00f3n.<\/p>\n<p>Adem\u00e1s, se comenz\u00f3 a dise\u00f1ar de manera colectiva un espacio verde, en donde luego fueron implantados doce ejemplares de especies nativas de la regi\u00f3n donadas por el vivero del Jard\u00edn Bot\u00e1nico UNLu.<\/p>\n<p><img loading=\"lazy\" class=\"alignnone size-medium wp-image-282\" src=\"https:\/\/jardinbotanico.unlu.edu.ar\/wp-content\/uploads\/2021\/10\/Botanico6-300x225.jpeg\" alt=\"botanico6\" width=\"300\" height=\"225\" srcset=\"https:\/\/jardinbotanico.unlu.edu.ar\/wp-content\/uploads\/2021\/10\/Botanico6-300x225.jpeg 300w, https:\/\/jardinbotanico.unlu.edu.ar\/wp-content\/uploads\/2021\/10\/Botanico6.jpeg 380w\" sizes=\"(max-width: 300px) 100vw, 300px\" \/> <img loading=\"lazy\" class=\"alignnone size-medium wp-image-283\" src=\"https:\/\/jardinbotanico.unlu.edu.ar\/wp-content\/uploads\/2021\/10\/Botanico5-300x225.jpg\" alt=\"botanico5\" width=\"300\" height=\"225\" srcset=\"https:\/\/jardinbotanico.unlu.edu.ar\/wp-content\/uploads\/2021\/10\/Botanico5-300x225.jpg 300w, https:\/\/jardinbotanico.unlu.edu.ar\/wp-content\/uploads\/2021\/10\/Botanico5.jpg 380w\" sizes=\"(max-width: 300px) 100vw, 300px\" \/> <img loading=\"lazy\" class=\"alignnone size-medium wp-image-284\" src=\"https:\/\/jardinbotanico.unlu.edu.ar\/wp-content\/uploads\/2021\/10\/Botanico4-300x225.jpg\" alt=\"botanico4\" width=\"300\" height=\"225\" srcset=\"https:\/\/jardinbotanico.unlu.edu.ar\/wp-content\/uploads\/2021\/10\/Botanico4-300x225.jpg 300w, https:\/\/jardinbotanico.unlu.edu.ar\/wp-content\/uploads\/2021\/10\/Botanico4.jpg 380w\" sizes=\"(max-width: 300px) 100vw, 300px\" \/> <img loading=\"lazy\" class=\"alignnone size-medium wp-image-285\" src=\"https:\/\/jardinbotanico.unlu.edu.ar\/wp-content\/uploads\/2021\/10\/Botanico3-300x225.jpg\" alt=\"botanico3\" width=\"300\" height=\"225\" srcset=\"https:\/\/jardinbotanico.unlu.edu.ar\/wp-content\/uploads\/2021\/10\/Botanico3-300x225.jpg 300w, https:\/\/jardinbotanico.unlu.edu.ar\/wp-content\/uploads\/2021\/10\/Botanico3.jpg 380w\" sizes=\"(max-width: 300px) 100vw, 300px\" \/> <img loading=\"lazy\" class=\"alignnone size-medium wp-image-286\" src=\"https:\/\/jardinbotanico.unlu.edu.ar\/wp-content\/uploads\/2021\/10\/Botanico2-300x225.jpg\" alt=\"botanico2\" width=\"300\" height=\"225\" srcset=\"https:\/\/jardinbotanico.unlu.edu.ar\/wp-content\/uploads\/2021\/10\/Botanico2-300x225.jpg 300w, https:\/\/jardinbotanico.unlu.edu.ar\/wp-content\/uploads\/2021\/10\/Botanico2.jpg 380w\" sizes=\"(max-width: 300px) 100vw, 300px\" \/> <img loading=\"lazy\" class=\"alignnone size-medium wp-image-287\" src=\"https:\/\/jardinbotanico.unlu.edu.ar\/wp-content\/uploads\/2021\/10\/CPD_0-1-300x225.jpg\" alt=\"cpd_0\" width=\"300\" height=\"225\" srcset=\"https:\/\/jardinbotanico.unlu.edu.ar\/wp-content\/uploads\/2021\/10\/CPD_0-1-300x225.jpg 300w, https:\/\/jardinbotanico.unlu.edu.ar\/wp-content\/uploads\/2021\/10\/CPD_0-1.jpg 380w\" sizes=\"(max-width: 300px) 100vw, 300px\" \/><\/p>\n","protected":false},"excerpt":{"rendered":"<p>Durante el transcurso de la semana del 15 de agosto , el equipo del Proyecto de Extensi\u00f3n \u00abPromoci\u00f3n del uso y cultivo de plantas nativas\u00bb y del Jard\u00edn Bot\u00e1nico de la UNLu relizaron actividades con la comunidad. El martes 17 de agosto brindaron un taller de siembra de \u00e1rboles nativos rioplatenses en tercer a\u00f1o de [&hellip;]<\/p>\n","protected":false},"author":2,"featured_media":286,"comment_status":"open","ping_status":"open","sticky":false,"template":"","format":"standard","meta":[],"categories":[1],"tags":[],"_links":{"self":[{"href":"https:\/\/jardinbotanico.unlu.edu.ar\/index.php\/wp-json\/wp\/v2\/posts\/281"}],"collection":[{"href":"https:\/\/jardinbotanico.unlu.edu.ar\/index.php\/wp-json\/wp\/v2\/posts"}],"about":[{"href":"https:\/\/jardinbotanico.unlu.edu.ar\/index.php\/wp-json\/wp\/v2\/types\/post"}],"author":[{"embeddable":true,"href":"https:\/\/jardinbotanico.unlu.edu.ar\/index.php\/wp-json\/wp\/v2\/users\/2"}],"replies":[{"embeddable":true,"href":"https:\/\/jardinbotanico.unlu.edu.ar\/index.php\/wp-json\/wp\/v2\/comments?post=281"}],"version-history":[{"count":1,"href":"https:\/\/jardinbotanico.unlu.edu.ar\/index.php\/wp-json\/wp\/v2\/posts\/281\/revisions"}],"predecessor-version":[{"id":288,"href":"https:\/\/jardinbotanico.unlu.edu.ar\/index.php\/wp-json\/wp\/v2\/posts\/281\/revisions\/288"}],"wp:featuredmedia":[{"embeddable":true,"href":"https:\/\/jardinbotanico.unlu.edu.ar\/index.php\/wp-json\/wp\/v2\/media\/286"}],"wp:attachment":[{"href":"https:\/\/jardinbotanico.unlu.edu.ar\/index.php\/wp-json\/wp\/v2\/media?parent=281"}],"wp:term":[{"taxonomy":"category","embeddable":true,"href":"https:\/\/jardinbotanico.unlu.edu.ar\/index.php\/wp-json\/wp\/v2\/categories?post=281"},{"taxonomy":"post_tag","embeddable":true,"href":"https:\/\/jardinbotanico.unlu.edu.ar\/index.php\/wp-json\/wp\/v2\/tags?post=281"}],"curies":[{"name":"wp","href":"https:\/\/api.w.org\/{rel}","templated":true}]}}